{"id":5783,"date":"2025-11-06T14:20:25","date_gmt":"2025-11-06T14:20:25","guid":{"rendered":"https:\/\/lampforum.org\/2025\/11\/06\/the-economist-how-to-make-immigration-palatable-in-a-populist-age\/"},"modified":"2025-11-06T14:20:43","modified_gmt":"2025-11-06T14:20:43","slug":"the-economist-how-to-make-immigration-palatable-in-a-populist-age","status":"publish","type":"post","link":"https:\/\/lampforum.org\/es\/2025\/11\/06\/the-economist-how-to-make-immigration-palatable-in-a-populist-age\/","title":{"rendered":"The Economist: C\u00f3mo hacer que la inmigraci\u00f3n sea aceptable en una era populista"},"content":{"rendered":"\n\n<div class=\"aalto-block image-with-text-block standard-block-padding\">\n  <div class=\"row\">\n    <div class=\"small-12 large-6 column \">\n\n             \n        <img decoding=\"async\" src=\"https:\/\/lampforum.org\/wp-content\/uploads\/2025\/11\/20251018_The_Economist.avif\" alt=\"Image \u00a9 The Economist \"\/>       \n              \n    <\/div>\n\n    <div class=\"small-12 large-6 column \">\n      <div class=\"image-with-text-block-content\">\n        <h3><\/h3>\n        \n        <div class=\"block-text\">\n          <p><span class=\"TextRun SCXW138256468 BCX0\" lang=\"EN-US\" data-contrast=\"auto\"><span class=\"NormalTextRun SCXW138256468 BCX0\">En un momento decisivo, <\/span><span class=\"NormalTextRun SCXW138256468 BCX0\"> la teor\u00eda del cambio de LaMP sirvi\u00f3 como tesis central para <\/span><span class=\"NormalTextRun SpellingErrorV2Themed SCXW138256468 BCX0\"><\/span><span class=\"TextRun Underlined SCXW138256468 BCX0\" lang=\"EN-US\" data-contrast=\"none\"><span class=\"NormalTextRun SCXW138256468 BCX0\" data-ccp-charstyle=\"Hyperlink\">un art\u00edculo en The Economist<\/span><\/span><\/span><span class=\"TextRun SCXW138256468 BCX0\" lang=\"EN-US\" data-contrast=\"auto\" xml:lang=\"EN-US\"><span class=\"NormalTextRun SCXW138256468 BCX0\">. Esta tesis  <\/span><span class=\"NormalTextRun SCXW138256468 BCX0\">argumenta<\/span><span class=\"NormalTextRun SCXW138256468 BCX0\"> que las visas rotativas son esenciales para reconciliar la &#8220;fuerza imparable de la demograf\u00eda&#8221; con el <\/span><span class=\"NormalTextRun SCXW138256468 BCX0\">&#8220;<\/span><span class=\"NormalTextRun SCXW138256468 BCX0\">objeto inamovible de la pol\u00edtica&#8221;. El art\u00edculo cita la r\u00e1pida expansi\u00f3n de los programas de visas temporales en Jap\u00f3n, Italia, Francia, Espa\u00f1a e incluso Hungr\u00eda, con los aumentos m\u00e1s pronunciados observados bajo el liderazgo m\u00e1s conservador.<\/span><span class=\"NormalTextRun SCXW138256468 BCX0\"> El art\u00edculo cita al <\/span><span class=\"NormalTextRun SCXW138256468 BCX0\"> cofundador y presidente de la junta de LaMP, Lant Pritchett, al miembro del Consejo Asesor Michael Clemens y a la socia Margaret <\/span><span class=\"NormalTextRun SpellingErrorV2Themed SCXW138256468 BCX0\">Mugwanja<\/span><span class=\"NormalTextRun SCXW138256468 BCX0\"> de Silver <\/span><span class=\"NormalTextRun SpellingErrorV2Themed SCXW138256468 BCX0\">RayHR<\/span><span class=\"NormalTextRun SCXW138256468 BCX0\">. <\/span><span class=\"NormalTextRun SpellingErrorV2Themed SCXW138256468 BCX0\"><\/span> <\/span><span data-contrast=\"auto\">Un <\/span><span data-contrast=\"none\">art\u00edculo paralelo<\/span><span data-contrast=\"auto\"> en el New York Times present\u00f3 a la Fundaci\u00f3n GATI, socia de LaMP, sobre el liderazgo de la India para construir la fuerza laboral m\u00f3vil global que se mover\u00e1 a trav\u00e9s de estas visas.<\/span><\/p>\n<p><span data-contrast=\"auto\">Lea el art\u00edculo completo de The Economist <\/span><a href=\"https:\/\/www.economist.com\/finance-and-economics\/2025\/10\/22\/how-to-make-immigration-palatable-in-a-populist-age\"><span data-contrast=\"none\">aqu\u00ed<\/span><\/a><span data-contrast=\"auto\"> y el art\u00edculo del New York Times <\/span><a href=\"https:\/\/www.nytimes.com\/2025\/10\/24\/business\/india-labor-mobility-migration-germany-japan.html\"><span data-contrast=\"none\">aqu\u00ed<\/span><\/a><span data-contrast=\"auto\">.<\/span><\/p>\n        <\/div>\n\n              <\/div>\n      \n    <\/div>\n  <\/div>\n<\/div>","protected":false},"excerpt":{"rendered":"","protected":false},"author":13,"featured_media":5775,"comment_status":"closed","ping_status":"closed","sticky":false,"template":"","format":"standard","meta":{"give_campaign_id":0,"om_disable_all_campaigns":false,"_monsterinsights_skip_tracking":false,"footnotes":"","_links_to":"","_links_to_target":""},"categories":[92,122],"tags":[115,129,114,117],"project_category":[],"project_type":[],"resource_type":[202],"other_resource":[],"region":[142],"sector":[],"country":[],"stakeholder":[149,148,147],"poster":[151],"class_list":["post-5783","post","type-post","status-publish","format-standard","has-post-thumbnail","hentry","category-sin-categorizar","category-the-case-for-mobility-es","tag-argumentos-a-favor-de-la-movilidad","tag-foreign-workers-es","tag-lant-pritchett-es","tag-movilidad-laboral","resource_type-mencion-en-los-medios-de-comunicacion","region-global-es","stakeholder-businesses-es","stakeholder-governments-es","stakeholder-workers-es","poster-the-lamp-team-es"],"acf":[],"yoast_head":"<!-- This site is optimized with the Yoast SEO plugin v20.12 - https:\/\/yoast.com\/wordpress\/plugins\/seo\/ -->\n<title>The Economist: C\u00f3mo hacer que la inmigraci\u00f3n sea aceptable en una era populista - Labor Mobility Partnerships (LaMP)<\/title>\n<meta name=\"robots\" content=\"index, follow, max-snippet:-1, max-image-preview:large, max-video-preview:-1\" \/>\n<link rel=\"canonical\" href=\"https:\/\/lampforum.org\/es\/2025\/11\/06\/the-economist-how-to-make-immigration-palatable-in-a-populist-age\/\" \/>\n<meta property=\"og:locale\" content=\"es_ES\" \/>\n<meta property=\"og:type\" content=\"article\" \/>\n<meta property=\"og:title\" content=\"The Economist: C\u00f3mo hacer que la inmigraci\u00f3n sea aceptable en una era populista - Labor Mobility Partnerships (LaMP)\" \/>\n<meta property=\"og:url\" content=\"https:\/\/lampforum.org\/es\/2025\/11\/06\/the-economist-how-to-make-immigration-palatable-in-a-populist-age\/\" \/>\n<meta property=\"og:site_name\" content=\"Labor Mobility Partnerships (LaMP)\" \/>\n<meta property=\"article:published_time\" content=\"2025-11-06T14:20:25+00:00\" \/>\n<meta property=\"article:modified_time\" content=\"2025-11-06T14:20:43+00:00\" \/>\n<meta property=\"og:image\" content=\"https:\/\/lampforum.org\/wp-content\/uploads\/2025\/11\/The-Economist.png\" \/>\n\t<meta property=\"og:image:width\" content=\"705\" \/>\n\t<meta property=\"og:image:height\" content=\"393\" \/>\n\t<meta property=\"og:image:type\" content=\"image\/png\" \/>\n<meta name=\"author\" content=\"Majo Gimenez\" \/>\n<meta name=\"twitter:card\" content=\"summary_large_image\" \/>\n<meta name=\"twitter:creator\" content=\"@labor_mobility\" \/>\n<meta name=\"twitter:site\" content=\"@labor_mobility\" \/>\n<meta name=\"twitter:label1\" content=\"Escrito por\" \/>\n\t<meta name=\"twitter:data1\" content=\"Majo Gimenez\" \/>\n<script type=\"application\/ld+json\" class=\"yoast-schema-graph\">{\"@context\":\"https:\/\/schema.org\",\"@graph\":[{\"@type\":\"Article\",\"@id\":\"https:\/\/lampforum.org\/es\/2025\/11\/06\/the-economist-how-to-make-immigration-palatable-in-a-populist-age\/#article\",\"isPartOf\":{\"@id\":\"https:\/\/lampforum.org\/es\/2025\/11\/06\/the-economist-how-to-make-immigration-palatable-in-a-populist-age\/\"},\"author\":{\"name\":\"Majo Gimenez\",\"@id\":\"https:\/\/lampforum.org\/#\/schema\/person\/29ca4c3c2c645a6cb2bc82c813f37c5b\"},\"headline\":\"The Economist: C\u00f3mo hacer que la inmigraci\u00f3n sea aceptable en una era populista\",\"datePublished\":\"2025-11-06T14:20:25+00:00\",\"dateModified\":\"2025-11-06T14:20:43+00:00\",\"mainEntityOfPage\":{\"@id\":\"https:\/\/lampforum.org\/es\/2025\/11\/06\/the-economist-how-to-make-immigration-palatable-in-a-populist-age\/\"},\"wordCount\":15,\"publisher\":{\"@id\":\"https:\/\/lampforum.org\/#organization\"},\"keywords\":[\"argumentos a favor de la movilidad\",\"foreign workers\",\"Lant Pritchett\",\"movilidad laboral\"],\"articleSection\":[\"Sin categorizar\",\"the case for mobility\"],\"inLanguage\":\"es\"},{\"@type\":\"WebPage\",\"@id\":\"https:\/\/lampforum.org\/es\/2025\/11\/06\/the-economist-how-to-make-immigration-palatable-in-a-populist-age\/\",\"url\":\"https:\/\/lampforum.org\/es\/2025\/11\/06\/the-economist-how-to-make-immigration-palatable-in-a-populist-age\/\",\"name\":\"The Economist: C\u00f3mo hacer que la inmigraci\u00f3n sea aceptable en una era populista - Labor Mobility Partnerships (LaMP)\",\"isPartOf\":{\"@id\":\"https:\/\/lampforum.org\/#website\"},\"datePublished\":\"2025-11-06T14:20:25+00:00\",\"dateModified\":\"2025-11-06T14:20:43+00:00\",\"breadcrumb\":{\"@id\":\"https:\/\/lampforum.org\/es\/2025\/11\/06\/the-economist-how-to-make-immigration-palatable-in-a-populist-age\/#breadcrumb\"},\"inLanguage\":\"es\",\"potentialAction\":[{\"@type\":\"ReadAction\",\"target\":[\"https:\/\/lampforum.org\/es\/2025\/11\/06\/the-economist-how-to-make-immigration-palatable-in-a-populist-age\/\"]}]},{\"@type\":\"BreadcrumbList\",\"@id\":\"https:\/\/lampforum.org\/es\/2025\/11\/06\/the-economist-how-to-make-immigration-palatable-in-a-populist-age\/#breadcrumb\",\"itemListElement\":[{\"@type\":\"ListItem\",\"position\":1,\"name\":\"Home\",\"item\":\"https:\/\/lampforum.org\/es\/\"},{\"@type\":\"ListItem\",\"position\":2,\"name\":\"The Economist: C\u00f3mo hacer que la inmigraci\u00f3n sea aceptable en una era populista\"}]},{\"@type\":\"WebSite\",\"@id\":\"https:\/\/lampforum.org\/#website\",\"url\":\"https:\/\/lampforum.org\/\",\"name\":\"Labor Mobility Partnerships (LaMP)\",\"description\":\"Desarrollamos soluciones a gran escala y a largo plazo para que los trabajadores que no pertenecen a la \u00e9lite puedan acceder a empleos de calidad a trav\u00e9s de las fronteras.\",\"publisher\":{\"@id\":\"https:\/\/lampforum.org\/#organization\"},\"alternateName\":\"LaMP\",\"potentialAction\":[{\"@type\":\"SearchAction\",\"target\":{\"@type\":\"EntryPoint\",\"urlTemplate\":\"https:\/\/lampforum.org\/?s={search_term_string}\"},\"query-input\":\"required name=search_term_string\"}],\"inLanguage\":\"es\"},{\"@type\":\"Organization\",\"@id\":\"https:\/\/lampforum.org\/#organization\",\"name\":\"Labor Mobility Partnerships\",\"alternateName\":\"LaMP\",\"url\":\"https:\/\/lampforum.org\/\",\"logo\":{\"@type\":\"ImageObject\",\"inLanguage\":\"es\",\"@id\":\"https:\/\/lampforum.org\/#\/schema\/logo\/image\/\",\"url\":\"https:\/\/lampforum.org\/wp-content\/uploads\/2019\/11\/cropped-1_lamp-final_lamp-main_green-e1572452917541-1.png\",\"contentUrl\":\"https:\/\/lampforum.org\/wp-content\/uploads\/2019\/11\/cropped-1_lamp-final_lamp-main_green-e1572452917541-1.png\",\"width\":1,\"height\":1,\"caption\":\"Labor Mobility Partnerships\"},\"image\":{\"@id\":\"https:\/\/lampforum.org\/#\/schema\/logo\/image\/\"},\"sameAs\":[\"https:\/\/twitter.com\/labor_mobility\",\"https:\/\/www.linkedin.com\/company\/labor-mobility-partnerships\/\"]},{\"@type\":\"Person\",\"@id\":\"https:\/\/lampforum.org\/#\/schema\/person\/29ca4c3c2c645a6cb2bc82c813f37c5b\",\"name\":\"Majo Gimenez\",\"image\":{\"@type\":\"ImageObject\",\"inLanguage\":\"es\",\"@id\":\"https:\/\/lampforum.org\/#\/schema\/person\/image\/\",\"url\":\"https:\/\/secure.gravatar.com\/avatar\/51f118fd97f9d1e01b05a4617687338a9a3a2e95c410c356644b87ca31ae86f8?s=96&d=mm&r=g\",\"contentUrl\":\"https:\/\/secure.gravatar.com\/avatar\/51f118fd97f9d1e01b05a4617687338a9a3a2e95c410c356644b87ca31ae86f8?s=96&d=mm&r=g\",\"caption\":\"Majo Gimenez\"},\"url\":\"https:\/\/lampforum.org\/es\/author\/majo-gimenez\/\"}]}<\/script>\n<!-- \/ Yoast SEO plugin. -->","yoast_head_json":{"title":"The Economist: C\u00f3mo hacer que la inmigraci\u00f3n sea aceptable en una era populista - Labor Mobility Partnerships (LaMP)","robots":{"index":"index","follow":"follow","max-snippet":"max-snippet:-1","max-image-preview":"max-image-preview:large","max-video-preview":"max-video-preview:-1"},"canonical":"https:\/\/lampforum.org\/es\/2025\/11\/06\/the-economist-how-to-make-immigration-palatable-in-a-populist-age\/","og_locale":"es_ES","og_type":"article","og_title":"The Economist: C\u00f3mo hacer que la inmigraci\u00f3n sea aceptable en una era populista - Labor Mobility Partnerships (LaMP)","og_url":"https:\/\/lampforum.org\/es\/2025\/11\/06\/the-economist-how-to-make-immigration-palatable-in-a-populist-age\/","og_site_name":"Labor Mobility Partnerships (LaMP)","article_published_time":"2025-11-06T14:20:25+00:00","article_modified_time":"2025-11-06T14:20:43+00:00","og_image":[{"width":705,"height":393,"url":"https:\/\/lampforum.org\/wp-content\/uploads\/2025\/11\/The-Economist.png","type":"image\/png"}],"author":"Majo Gimenez","twitter_card":"summary_large_image","twitter_creator":"@labor_mobility","twitter_site":"@labor_mobility","twitter_misc":{"Escrito por":"Majo Gimenez"},"schema":{"@context":"https:\/\/schema.org","@graph":[{"@type":"Article","@id":"https:\/\/lampforum.org\/es\/2025\/11\/06\/the-economist-how-to-make-immigration-palatable-in-a-populist-age\/#article","isPartOf":{"@id":"https:\/\/lampforum.org\/es\/2025\/11\/06\/the-economist-how-to-make-immigration-palatable-in-a-populist-age\/"},"author":{"name":"Majo Gimenez","@id":"https:\/\/lampforum.org\/#\/schema\/person\/29ca4c3c2c645a6cb2bc82c813f37c5b"},"headline":"The Economist: C\u00f3mo hacer que la inmigraci\u00f3n sea aceptable en una era populista","datePublished":"2025-11-06T14:20:25+00:00","dateModified":"2025-11-06T14:20:43+00:00","mainEntityOfPage":{"@id":"https:\/\/lampforum.org\/es\/2025\/11\/06\/the-economist-how-to-make-immigration-palatable-in-a-populist-age\/"},"wordCount":15,"publisher":{"@id":"https:\/\/lampforum.org\/#organization"},"keywords":["argumentos a favor de la movilidad","foreign workers","Lant Pritchett","movilidad laboral"],"articleSection":["Sin categorizar","the case for mobility"],"inLanguage":"es"},{"@type":"WebPage","@id":"https:\/\/lampforum.org\/es\/2025\/11\/06\/the-economist-how-to-make-immigration-palatable-in-a-populist-age\/","url":"https:\/\/lampforum.org\/es\/2025\/11\/06\/the-economist-how-to-make-immigration-palatable-in-a-populist-age\/","name":"The Economist: C\u00f3mo hacer que la inmigraci\u00f3n sea aceptable en una era populista - Labor Mobility Partnerships (LaMP)","isPartOf":{"@id":"https:\/\/lampforum.org\/#website"},"datePublished":"2025-11-06T14:20:25+00:00","dateModified":"2025-11-06T14:20:43+00:00","breadcrumb":{"@id":"https:\/\/lampforum.org\/es\/2025\/11\/06\/the-economist-how-to-make-immigration-palatable-in-a-populist-age\/#breadcrumb"},"inLanguage":"es","potentialAction":[{"@type":"ReadAction","target":["https:\/\/lampforum.org\/es\/2025\/11\/06\/the-economist-how-to-make-immigration-palatable-in-a-populist-age\/"]}]},{"@type":"BreadcrumbList","@id":"https:\/\/lampforum.org\/es\/2025\/11\/06\/the-economist-how-to-make-immigration-palatable-in-a-populist-age\/#breadcrumb","itemListElement":[{"@type":"ListItem","position":1,"name":"Home","item":"https:\/\/lampforum.org\/es\/"},{"@type":"ListItem","position":2,"name":"The Economist: C\u00f3mo hacer que la inmigraci\u00f3n sea aceptable en una era populista"}]},{"@type":"WebSite","@id":"https:\/\/lampforum.org\/#website","url":"https:\/\/lampforum.org\/","name":"Labor Mobility Partnerships (LaMP)","description":"Desarrollamos soluciones a gran escala y a largo plazo para que los trabajadores que no pertenecen a la \u00e9lite puedan acceder a empleos de calidad a trav\u00e9s de las fronteras.","publisher":{"@id":"https:\/\/lampforum.org\/#organization"},"alternateName":"LaMP","potentialAction":[{"@type":"SearchAction","target":{"@type":"EntryPoint","urlTemplate":"https:\/\/lampforum.org\/?s={search_term_string}"},"query-input":"required name=search_term_string"}],"inLanguage":"es"},{"@type":"Organization","@id":"https:\/\/lampforum.org\/#organization","name":"Labor Mobility Partnerships","alternateName":"LaMP","url":"https:\/\/lampforum.org\/","logo":{"@type":"ImageObject","inLanguage":"es","@id":"https:\/\/lampforum.org\/#\/schema\/logo\/image\/","url":"https:\/\/lampforum.org\/wp-content\/uploads\/2019\/11\/cropped-1_lamp-final_lamp-main_green-e1572452917541-1.png","contentUrl":"https:\/\/lampforum.org\/wp-content\/uploads\/2019\/11\/cropped-1_lamp-final_lamp-main_green-e1572452917541-1.png","width":1,"height":1,"caption":"Labor Mobility Partnerships"},"image":{"@id":"https:\/\/lampforum.org\/#\/schema\/logo\/image\/"},"sameAs":["https:\/\/twitter.com\/labor_mobility","https:\/\/www.linkedin.com\/company\/labor-mobility-partnerships\/"]},{"@type":"Person","@id":"https:\/\/lampforum.org\/#\/schema\/person\/29ca4c3c2c645a6cb2bc82c813f37c5b","name":"Majo Gimenez","image":{"@type":"ImageObject","inLanguage":"es","@id":"https:\/\/lampforum.org\/#\/schema\/person\/image\/","url":"https:\/\/secure.gravatar.com\/avatar\/51f118fd97f9d1e01b05a4617687338a9a3a2e95c410c356644b87ca31ae86f8?s=96&d=mm&r=g","contentUrl":"https:\/\/secure.gravatar.com\/avatar\/51f118fd97f9d1e01b05a4617687338a9a3a2e95c410c356644b87ca31ae86f8?s=96&d=mm&r=g","caption":"Majo Gimenez"},"url":"https:\/\/lampforum.org\/es\/author\/majo-gimenez\/"}]}},"_links":{"self":[{"href":"https:\/\/lampforum.org\/es\/wp-json\/wp\/v2\/posts\/5783","targetHints":{"allow":["GET"]}}],"collection":[{"href":"https:\/\/lampforum.org\/es\/wp-json\/wp\/v2\/posts"}],"about":[{"href":"https:\/\/lampforum.org\/es\/wp-json\/wp\/v2\/types\/post"}],"author":[{"embeddable":true,"href":"https:\/\/lampforum.org\/es\/wp-json\/wp\/v2\/users\/13"}],"replies":[{"embeddable":true,"href":"https:\/\/lampforum.org\/es\/wp-json\/wp\/v2\/comments?post=5783"}],"version-history":[{"count":0,"href":"https:\/\/lampforum.org\/es\/wp-json\/wp\/v2\/posts\/5783\/revisions"}],"wp:featuredmedia":[{"embeddable":true,"href":"https:\/\/lampforum.org\/es\/wp-json\/wp\/v2\/media\/5775"}],"wp:attachment":[{"href":"https:\/\/lampforum.org\/es\/wp-json\/wp\/v2\/media?parent=5783"}],"wp:term":[{"taxonomy":"category","embeddable":true,"href":"https:\/\/lampforum.org\/es\/wp-json\/wp\/v2\/categories?post=5783"},{"taxonomy":"post_tag","embeddable":true,"href":"https:\/\/lampforum.org\/es\/wp-json\/wp\/v2\/tags?post=5783"},{"taxonomy":"project_category","embeddable":true,"href":"https:\/\/lampforum.org\/es\/wp-json\/wp\/v2\/project_category?post=5783"},{"taxonomy":"project_type","embeddable":true,"href":"https:\/\/lampforum.org\/es\/wp-json\/wp\/v2\/project_type?post=5783"},{"taxonomy":"resource_type","embeddable":true,"href":"https:\/\/lampforum.org\/es\/wp-json\/wp\/v2\/resource_type?post=5783"},{"taxonomy":"other_resource","embeddable":true,"href":"https:\/\/lampforum.org\/es\/wp-json\/wp\/v2\/other_resource?post=5783"},{"taxonomy":"region","embeddable":true,"href":"https:\/\/lampforum.org\/es\/wp-json\/wp\/v2\/region?post=5783"},{"taxonomy":"sector","embeddable":true,"href":"https:\/\/lampforum.org\/es\/wp-json\/wp\/v2\/sector?post=5783"},{"taxonomy":"country","embeddable":true,"href":"https:\/\/lampforum.org\/es\/wp-json\/wp\/v2\/country?post=5783"},{"taxonomy":"stakeholder","embeddable":true,"href":"https:\/\/lampforum.org\/es\/wp-json\/wp\/v2\/stakeholder?post=5783"},{"taxonomy":"poster","embeddable":true,"href":"https:\/\/lampforum.org\/es\/wp-json\/wp\/v2\/poster?post=5783"}],"curies":[{"name":"wp","href":"https:\/\/api.w.org\/{rel}","templated":true}]}}